{"id":996,"date":"2019-06-03T09:29:49","date_gmt":"2019-06-03T07:29:49","guid":{"rendered":"https:\/\/mumm-mg.de\/sausewind\/?p=996"},"modified":"2019-07-02T10:09:31","modified_gmt":"2019-07-02T08:09:31","slug":"fussballturnier-in-liedberg","status":"publish","type":"post","link":"https:\/\/mumm-mg.de\/sausewind\/2019\/06\/03\/fussballturnier-in-liedberg\/","title":{"rendered":"Fu\u00dfballturnier in Liedberg"},"content":{"rendered":"<p><img loading=\"lazy\" decoding=\"async\" class=\"alignnone size-medium wp-image-994\" src=\"https:\/\/mumm-mg.de\/sausewind\/wp-content\/uploads\/sites\/5\/2019\/07\/Fu\u00dfball-300x205.jpg\" alt=\"\" width=\"300\" height=\"205\" \/><br \/>\n<strong>Heute ist es endlich soweit!!!<\/strong><br \/>\nNach vielen Trainingseinheiten in der Sporthalle und auch bei Fortuna M\u00f6nchengladbach 07\/10 e.V., fahren wir nach Liedberg zum Fu\u00dfballturnier. Als Au\u00dfenseiter rechnete man nicht mit uns&#8230;..vielleicht ein Fehler?<br \/>\nDenn wir schafften mit unseren Teamgeist und der hervorragenden Disziplin die riesen Sensation und haben uns mit einem Sieg f\u00fcr das Halbfinale qualifiziert. Dieser Erfolg sorgte f\u00fcr gro\u00dfes Aufsehen, da niemand mit dem Team Sausewind gerechnet hat!<br \/>\nWie sagt man: ,,Teamgeist schl\u00e4gt Qualit\u00e4t&#8220;.<br \/>\nIm Halbfinale trafen wir dann auf die Kita Pfiffikus. Durch unseren Erfolg, hatte unser n\u00e4chster Gegner viel Respekt.<br \/>\nDoch leider sind wir in diesem Spiel nur der 2. Sieger. Aufgrund des gro\u00dfen Aufwandes, dass wir betreiben mussten, reichte unsere Kraft zur Gegenwehr nicht mehr aus. Fair m\u00fcssen wir dies anerkennen und dr\u00fccken dem Team Pfiffikus die Daumen, im Finale. Zumindest soll der Pokal nun an die Schwestereinrichtung gehen.<br \/>\nIm Spiel um Platz 3 spielten wir dann wirklich alle am Limit, denn auch hier haben wir leider das Nachsehen. Dennoch k\u00f6nnen wir Stolz auf das Team Sausewind f\u00fcr das erreichte des 4 Platzes sein. Keiner hatte uns auf den Zettel und sorgten zwischenzeitlich f\u00fcr gro\u00dfes aufsehen.<\/p>\n<p>Gl\u00fcckwunsch auch an dieser Stelle an Den Pokalsieger Kita Pfiffikus<\/p>\n","protected":false},"excerpt":{"rendered":"<p>Heute ist es endlich soweit!!! Nach vielen Trainingseinheiten in der Sporthalle und auch bei Fortuna M\u00f6nchengladbach 07\/10 e.V., fahren wir nach Liedberg zum Fu\u00dfballturnier. Als Au\u00dfenseiter rechnete man nicht mit uns&#8230;..vielleicht ein Fehler? Denn wir schafften mit unseren Teamgeist und der hervorragenden Disziplin die riesen Sensation und haben uns mit einem Sieg f\u00fcr das Halbfinale [&hellip;]<\/p>\n","protected":false},"author":8,"featured_media":0,"comment_status":"closed","ping_status":"closed","sticky":false,"template":"","format":"standard","meta":{"_et_pb_use_builder":"","_et_pb_old_content":"","_et_gb_content_width":"","footnotes":""},"categories":[1],"tags":[],"_links":{"self":[{"href":"https:\/\/mumm-mg.de\/sausewind\/wp-json\/wp\/v2\/posts\/996"}],"collection":[{"href":"https:\/\/mumm-mg.de\/sausewind\/wp-json\/wp\/v2\/posts"}],"about":[{"href":"https:\/\/mumm-mg.de\/sausewind\/wp-json\/wp\/v2\/types\/post"}],"author":[{"embeddable":true,"href":"https:\/\/mumm-mg.de\/sausewind\/wp-json\/wp\/v2\/users\/8"}],"replies":[{"embeddable":true,"href":"https:\/\/mumm-mg.de\/sausewind\/wp-json\/wp\/v2\/comments?post=996"}],"version-history":[{"count":1,"href":"https:\/\/mumm-mg.de\/sausewind\/wp-json\/wp\/v2\/posts\/996\/revisions"}],"predecessor-version":[{"id":997,"href":"https:\/\/mumm-mg.de\/sausewind\/wp-json\/wp\/v2\/posts\/996\/revisions\/997"}],"wp:attachment":[{"href":"https:\/\/mumm-mg.de\/sausewind\/wp-json\/wp\/v2\/media?parent=996"}],"wp:term":[{"taxonomy":"category","embeddable":true,"href":"https:\/\/mumm-mg.de\/sausewind\/wp-json\/wp\/v2\/categories?post=996"},{"taxonomy":"post_tag","embeddable":true,"href":"https:\/\/mumm-mg.de\/sausewind\/wp-json\/wp\/v2\/tags?post=996"}],"curies":[{"name":"wp","href":"https:\/\/api.w.org\/{rel}","templated":true}]}}